{"id":693,"date":"2026-08-28T00:42:12","date_gmt":"2026-08-28T00:42:12","guid":{"rendered":"https:\/\/khumoyalesego.co.za\/?p=693"},"modified":"2026-08-28T00:43:49","modified_gmt":"2026-08-28T00:43:49","slug":"fernando-correia-marques-biografia-e-carreira","status":"publish","type":"post","link":"https:\/\/khumoyalesego.co.za\/index.php\/2026\/08\/28\/fernando-correia-marques-biografia-e-carreira\/","title":{"rendered":"Fernando Correia Marques Biografia e Carreira"},"content":{"rendered":"<h1>Fernando Correia Marques Biografia e Carreira<\/h1>\n<p>O int\u00e9rprete de &#8220;Burrito&#8221; continua a ser um \u00edcone do entretenimento em Portugal. Com uma carreira marcante, cativou gera\u00e7\u00f5es de f\u00e3s em Portugal. Nas pr\u00f3ximas linhas reunimos um retrato da sua trajet\u00f3ria.<\/p>\n<p>Das origens entre Coimbra e Louren\u00e7o Marques aos \u00eaxitos populares, a sua hist\u00f3ria \u00e9 fascinante. Nas sec\u00e7\u00f5es seguintes recordamos as diferentes facetas da sua carreira.<\/p>\n<p>Abordar este cantor significa falar de uma figura popular de v\u00e1rias d\u00e9cadas. Poucas figuras combinam longevidade e proximidade com o p\u00fablico da mesma forma.<\/p>\n<h2>A Idade e o Percurso e a Energia em Palco<\/h2>\n<p>A data de nascimento de Fernando Correia Marques surge como um dos temas frequentemente pesquisados. Nascido em Coimbra, h\u00e1 v\u00e1rias d\u00e9cadas, conta com uma vasta experi\u00eancia.<\/p>\n<p>N\u00e3o obstante a idade, conserva um entusiasmo contagiante nas atua\u00e7\u00f5es. O tempo n\u00e3o abranda o seu gosto pela m\u00fasica.<\/p>\n<p>Este entusiasmo ao longo de tantos anos revela-se motivo de admira\u00e7\u00e3o para colegas mais novos. N\u00e3o parar representa a sua entrega.<\/p>\n<p>Com tantos anos de palco, o traquejo converteu-se num dos seus maiores valores. Cada atua\u00e7\u00e3o confirma essa hist\u00f3ria.<\/p>\n<h2>A Can\u00e7\u00e3o O Burrito que Marcou Gera\u00e7\u00f5es<\/h2>\n<p>A can\u00e7\u00e3o &#8220;O Burrito&#8221; constitui um dos temas mais conhecidos da m\u00fasica popular portuguesa. Ao lado de outros \u00eaxitos, este \u00eaxito serviu para cimentar a sua imagem.<\/p>\n<p>Estas m\u00fasicas marcaram os anos, conservando-se vivas nas romarias. A chave deste alcance reside na simplicidade contagiante.<\/p>\n<p>Al\u00e9m de sucessos comerciais, estas can\u00e7\u00f5es passaram a ser parte do imagin\u00e1rio popular. D\u00e9cadas depois, continuam a ouvir-se nos ser\u00f5es populares.<\/p>\n<p>O talento para temas memor\u00e1veis constitui uma das marcas de Fernando Correia Marques. Cada \u00eaxito cimentou o seu lugar nas festas.<\/p>\n<h2>A Esposa e a Vida Pessoal e o Casamento<\/h2>\n<p>A vida pessoal deste cantor suscita aten\u00e7\u00e3o nos f\u00e3s. Aspetos da vida familiar surgem frequentemente nos meios de comunica\u00e7\u00e3o.<\/p>\n<p>Importa, por\u00e9m salvaguardar a esfera \u00edntima do int\u00e9rprete. Muito do que circula sobre o seu casamento nem sempre corresponde \u00e0 verdade, pelo que a cautela importa sempre.<\/p>\n<p>Tal como noutros artistas, a curiosidade sobre a esfera pessoal faz parte da vida art\u00edstica. Ainda assim, a aten\u00e7\u00e3o ganha em estar na sua carreira.<\/p>\n<h2>A Sa\u00fade e os Rumores Fernando Correia Marques<\/h2>\n<p>Por vezes surgem rumores sobre a sa\u00fade do artista. Estas not\u00edcias nem sempre assentam em factos.<\/p>\n<p>Nestes casos, \u00e9 prudente n\u00e3o alimentar especula\u00e7\u00f5es. O estado de sa\u00fade pertence \u00e0 sua esfera privada, e exige discri\u00e7\u00e3o.<\/p>\n<p>O mais importante continua a ser reconhecer o seu contributo, em lugar de especular sobre a sua vida. O p\u00fablico que o estima optam por a obra em vez de rumores.<\/p>\n<h2>Os Filhos e a Fam\u00edlia na M\u00fasica<\/h2>\n<p>A fam\u00edlia de Fernando Correia Marques s\u00e3o um tema de interesse. Publicamente sabe-se que o filho Axel seguiu a carreira art\u00edstica, prolongando o legado.<\/p>\n<p>Esta liga\u00e7\u00e3o familiar \u00e0 m\u00fasica liga v\u00e1rias gera\u00e7\u00f5es. Ver os filhos torna-se algo natural na hist\u00f3ria da fam\u00edlia.<\/p>\n<p>Quando se fala da vida familiar do int\u00e9rprete, h\u00e1 alguns aspetos que merecem nota:<\/p>\n<ul>\n<li>A heran\u00e7a art\u00edstica, que continua viva.<\/li>\n<li>Um descendente que enveredou pela m\u00fasica.<\/li>\n<li>As atua\u00e7\u00f5es conjuntas, que refor\u00e7am esse la\u00e7o.<\/li>\n<li>A passagem de testemunho, um cap\u00edtulo especial.<\/li>\n<\/ul>\n<p>A heran\u00e7a musical na fam\u00edlia \u00e9 motivo de orgulho. No caso de Fernando Correia Marques, a arte tornou-se um la\u00e7o entre gera\u00e7\u00f5es.<\/p>\n<h3>Guia e Informa\u00e7\u00f5es \u00dateis<\/h3>\n<p>A quem procura informa\u00e7\u00e3o completa, existem fontes dedicadas. Saiba <a href=\"https:\/\/click-e-play.com\/5\/fernando-correia-marques\/\">onde ouvir as m\u00fasicas de Fernando Correia Marques no Spotify e no YouTube<\/a> a qualquer hora \u2014 assim ficar\u00e1 a par de tudo.<\/p>\n<h2>Cantor em Destaque<\/h2>\n<p>Na sua faceta musical este artista ganhou nome pela proximidade com as pessoas. A sua m\u00fasica liga-se na tradi\u00e7\u00e3o da m\u00fasica popular portuguesa, uma corrente que preenche as romarias.<\/p>\n<p>Ao longo do tempo, comp\u00f4s e interpretou cl\u00e1ssicos populares que ficaram no ouvido dos portugueses. A sua presen\u00e7a \u00e9 inconfund\u00edvel para os f\u00e3s.<\/p>\n<p>A chamada m\u00fasica pimba desempenha um lugar pr\u00f3prio na cultura do pa\u00eds. Figuras como este cantor tiveram papel em animar este g\u00e9nero por todo o pa\u00eds.<\/p>\n<p>O contacto direto com o p\u00fablico continua a ser um dos seus trunfos. Nas festas, a cumplicidade com a plateia \u00e9 essencial do seu sucesso.<\/p>\n<h2>O Futebol e o Guarda-Redes<\/h2>\n<p>Uma das facetas inesperadas da sua biografia \u00e9 a paix\u00e3o pelo futebol. Antes da m\u00fasica a tempo inteiro, defendeu as balizas em v\u00e1rios clubes.<\/p>\n<p>Este percurso duplo converteu a sua biografia particularmente interessante. A passagem do desporto para a can\u00e7\u00e3o demonstra o seu esp\u00edrito.<\/p>\n<p>A trajet\u00f3ria como guarda-redes organiza-se em v\u00e1rios momentos:<\/p>\n<ol>\n<li>Os primeiros passos no desporto numa fase inicial.<\/li>\n<li>O percurso em diferentes equipas na juventude.<\/li>\n<li>O trabalho institucional no desporto mais tarde.<\/li>\n<li>O rumo aos palcos, que marcaria o seu futuro.<\/li>\n<\/ol>\n<p>Mesmo depois, o amor pelo jogo permaneceu. Esta vertente ajuda para tra\u00e7ar a personalidade deste int\u00e9rprete.<\/p>\n<h2>Conclus\u00e3o sobre o Seu Percurso<\/h2>\n<p>Em s\u00edntese, Fernando Correia Marques encarna uma das figuras mais duradouros do panorama nacional. Das origens em Coimbra \u00e0 consagra\u00e7\u00e3o, a sua hist\u00f3ria permanece um exemplo de dedica\u00e7\u00e3o. A quem deseja mais detalhes, aconselhamos procurar dados cred\u00edveis.<\/p>\n<p>Em \u00faltima an\u00e1lise, a sua marca permanece na mem\u00f3ria do p\u00fablico. As suas m\u00fasicas permanecem em gera\u00e7\u00f5es de portugueses, testemunho da sua import\u00e2ncia.<\/p>\n","protected":false},"excerpt":{"rendered":"<p>Fernando Correia Marques Biografia e Carreira O int\u00e9rprete de &#8220;Burrito&#8221; continua a ser um \u00edcone do entretenimento em Portugal. Com uma carreira marcante, cativou gera\u00e7\u00f5es de f\u00e3s em Portugal. Nas pr\u00f3ximas linhas reunimos um retrato da sua trajet\u00f3ria. Das origens entre Coimbra e Louren\u00e7o Marques aos \u00eaxitos populares, a sua hist\u00f3ria \u00e9 fascinante. Nas sec\u00e7\u00f5es [&hellip;]<\/p>\n","protected":false},"author":1,"featured_media":0,"comment_status":"open","ping_status":"closed","sticky":false,"template":"","format":"standard","meta":{"_et_pb_use_builder":"","_et_pb_old_content":"","_et_gb_content_width":"","footnotes":""},"categories":[24],"tags":[],"class_list":["post-693","post","type-post","status-publish","format-standard","hentry","category-blog"],"yoast_head":"<!-- This site is optimized with the Yoast SEO plugin v26.2 - https:\/\/yoast.com\/wordpress\/plugins\/seo\/ -->\n<title>Fernando Correia Marques Biografia e Carreira - Khumo Ya Lesego Trading and Projects<\/title>\n<meta name=\"robots\" content=\"index, follow, max-snippet:-1, max-image-preview:large, max-video-preview:-1\" \/>\n<link rel=\"canonical\" href=\"https:\/\/khumoyalesego.co.za\/index.php\/2026\/08\/28\/fernando-correia-marques-biografia-e-carreira\/\" \/>\n<meta property=\"og:locale\" content=\"en_US\" \/>\n<meta property=\"og:type\" content=\"article\" \/>\n<meta property=\"og:title\" content=\"Fernando Correia Marques Biografia e Carreira - Khumo Ya Lesego Trading and Projects\" \/>\n<meta property=\"og:description\" content=\"Fernando Correia Marques Biografia e Carreira O int\u00e9rprete de &#8220;Burrito&#8221; continua a ser um \u00edcone do entretenimento em Portugal. Com uma carreira marcante, cativou gera\u00e7\u00f5es de f\u00e3s em Portugal. Nas pr\u00f3ximas linhas reunimos um retrato da sua trajet\u00f3ria. Das origens entre Coimbra e Louren\u00e7o Marques aos \u00eaxitos populares, a sua hist\u00f3ria \u00e9 fascinante. Nas sec\u00e7\u00f5es [&hellip;]\" \/>\n<meta property=\"og:url\" content=\"https:\/\/khumoyalesego.co.za\/index.php\/2026\/08\/28\/fernando-correia-marques-biografia-e-carreira\/\" \/>\n<meta property=\"og:site_name\" content=\"Khumo Ya Lesego Trading and Projects\" \/>\n<meta property=\"article:published_time\" content=\"2026-08-28T00:42:12+00:00\" \/>\n<meta property=\"article:modified_time\" content=\"2026-08-28T00:43:49+00:00\" \/>\n<meta name=\"author\" content=\"xzelmultimediapro\" \/>\n<meta name=\"twitter:card\" content=\"summary_large_image\" \/>\n<meta name=\"twitter:label1\" content=\"Written by\" \/>\n\t<meta name=\"twitter:data1\" content=\"xzelmultimediapro\" \/>\n\t<meta name=\"twitter:label2\" content=\"Est. reading time\" \/>\n\t<meta name=\"twitter:data2\" content=\"5 minutes\" \/>\n<script type=\"application\/ld+json\" class=\"yoast-schema-graph\">{\"@context\":\"https:\/\/schema.org\",\"@graph\":[{\"@type\":\"Article\",\"@id\":\"https:\/\/khumoyalesego.co.za\/index.php\/2026\/08\/28\/fernando-correia-marques-biografia-e-carreira\/#article\",\"isPartOf\":{\"@id\":\"https:\/\/khumoyalesego.co.za\/index.php\/2026\/08\/28\/fernando-correia-marques-biografia-e-carreira\/\"},\"author\":{\"name\":\"xzelmultimediapro\",\"@id\":\"https:\/\/khumoyalesego.co.za\/#\/schema\/person\/d32c0bb78606e6b46bc45233aed1ccd7\"},\"headline\":\"Fernando Correia Marques Biografia e Carreira\",\"datePublished\":\"2026-08-28T00:42:12+00:00\",\"dateModified\":\"2026-08-28T00:43:49+00:00\",\"mainEntityOfPage\":{\"@id\":\"https:\/\/khumoyalesego.co.za\/index.php\/2026\/08\/28\/fernando-correia-marques-biografia-e-carreira\/\"},\"wordCount\":954,\"commentCount\":0,\"publisher\":{\"@id\":\"https:\/\/khumoyalesego.co.za\/#organization\"},\"articleSection\":[\"Blog\"],\"inLanguage\":\"en-US\",\"potentialAction\":[{\"@type\":\"CommentAction\",\"name\":\"Comment\",\"target\":[\"https:\/\/khumoyalesego.co.za\/index.php\/2026\/08\/28\/fernando-correia-marques-biografia-e-carreira\/#respond\"]}]},{\"@type\":\"WebPage\",\"@id\":\"https:\/\/khumoyalesego.co.za\/index.php\/2026\/08\/28\/fernando-correia-marques-biografia-e-carreira\/\",\"url\":\"https:\/\/khumoyalesego.co.za\/index.php\/2026\/08\/28\/fernando-correia-marques-biografia-e-carreira\/\",\"name\":\"Fernando Correia Marques Biografia e Carreira - Khumo Ya Lesego Trading and Projects\",\"isPartOf\":{\"@id\":\"https:\/\/khumoyalesego.co.za\/#website\"},\"datePublished\":\"2026-08-28T00:42:12+00:00\",\"dateModified\":\"2026-08-28T00:43:49+00:00\",\"breadcrumb\":{\"@id\":\"https:\/\/khumoyalesego.co.za\/index.php\/2026\/08\/28\/fernando-correia-marques-biografia-e-carreira\/#breadcrumb\"},\"inLanguage\":\"en-US\",\"potentialAction\":[{\"@type\":\"ReadAction\",\"target\":[\"https:\/\/khumoyalesego.co.za\/index.php\/2026\/08\/28\/fernando-correia-marques-biografia-e-carreira\/\"]}]},{\"@type\":\"BreadcrumbList\",\"@id\":\"https:\/\/khumoyalesego.co.za\/index.php\/2026\/08\/28\/fernando-correia-marques-biografia-e-carreira\/#breadcrumb\",\"itemListElement\":[{\"@type\":\"ListItem\",\"position\":1,\"name\":\"Home\",\"item\":\"https:\/\/khumoyalesego.co.za\/\"},{\"@type\":\"ListItem\",\"position\":2,\"name\":\"Fernando Correia Marques Biografia e Carreira\"}]},{\"@type\":\"WebSite\",\"@id\":\"https:\/\/khumoyalesego.co.za\/#website\",\"url\":\"https:\/\/khumoyalesego.co.za\/\",\"name\":\"Khumo Ya Lesego Trading and Projects\",\"description\":\"Just another WordPress site\",\"publisher\":{\"@id\":\"https:\/\/khumoyalesego.co.za\/#organization\"},\"potentialAction\":[{\"@type\":\"SearchAction\",\"target\":{\"@type\":\"EntryPoint\",\"urlTemplate\":\"https:\/\/khumoyalesego.co.za\/?s={search_term_string}\"},\"query-input\":{\"@type\":\"PropertyValueSpecification\",\"valueRequired\":true,\"valueName\":\"search_term_string\"}}],\"inLanguage\":\"en-US\"},{\"@type\":\"Organization\",\"@id\":\"https:\/\/khumoyalesego.co.za\/#organization\",\"name\":\"Khumo Ya Lesego Trading & Projects\",\"url\":\"https:\/\/khumoyalesego.co.za\/\",\"logo\":{\"@type\":\"ImageObject\",\"inLanguage\":\"en-US\",\"@id\":\"https:\/\/khumoyalesego.co.za\/#\/schema\/logo\/image\/\",\"url\":\"http:\/\/khumoyalesego.co.za\/wp-content\/uploads\/2022\/06\/Company-Logo.jpg\",\"contentUrl\":\"http:\/\/khumoyalesego.co.za\/wp-content\/uploads\/2022\/06\/Company-Logo.jpg\",\"width\":628,\"height\":620,\"caption\":\"Khumo Ya Lesego Trading & Projects\"},\"image\":{\"@id\":\"https:\/\/khumoyalesego.co.za\/#\/schema\/logo\/image\/\"}},{\"@type\":\"Person\",\"@id\":\"https:\/\/khumoyalesego.co.za\/#\/schema\/person\/d32c0bb78606e6b46bc45233aed1ccd7\",\"name\":\"xzelmultimediapro\",\"image\":{\"@type\":\"ImageObject\",\"inLanguage\":\"en-US\",\"@id\":\"https:\/\/khumoyalesego.co.za\/#\/schema\/person\/image\/\",\"url\":\"https:\/\/secure.gravatar.com\/avatar\/240fd9bb92b89c6aa826c41e5c8ae0d63405ce74942909b80699a57a3427f504?s=96&d=mm&r=g\",\"contentUrl\":\"https:\/\/secure.gravatar.com\/avatar\/240fd9bb92b89c6aa826c41e5c8ae0d63405ce74942909b80699a57a3427f504?s=96&d=mm&r=g\",\"caption\":\"xzelmultimediapro\"},\"sameAs\":[\"http:\/\/khumoyalesego.co.za\"],\"url\":\"https:\/\/khumoyalesego.co.za\/index.php\/author\/xzelmultimediapro\/\"}]}<\/script>\n<!-- \/ Yoast SEO plugin. -->","yoast_head_json":{"title":"Fernando Correia Marques Biografia e Carreira - Khumo Ya Lesego Trading and Projects","robots":{"index":"index","follow":"follow","max-snippet":"max-snippet:-1","max-image-preview":"max-image-preview:large","max-video-preview":"max-video-preview:-1"},"canonical":"https:\/\/khumoyalesego.co.za\/index.php\/2026\/08\/28\/fernando-correia-marques-biografia-e-carreira\/","og_locale":"en_US","og_type":"article","og_title":"Fernando Correia Marques Biografia e Carreira - Khumo Ya Lesego Trading and Projects","og_description":"Fernando Correia Marques Biografia e Carreira O int\u00e9rprete de &#8220;Burrito&#8221; continua a ser um \u00edcone do entretenimento em Portugal. Com uma carreira marcante, cativou gera\u00e7\u00f5es de f\u00e3s em Portugal. Nas pr\u00f3ximas linhas reunimos um retrato da sua trajet\u00f3ria. Das origens entre Coimbra e Louren\u00e7o Marques aos \u00eaxitos populares, a sua hist\u00f3ria \u00e9 fascinante. Nas sec\u00e7\u00f5es [&hellip;]","og_url":"https:\/\/khumoyalesego.co.za\/index.php\/2026\/08\/28\/fernando-correia-marques-biografia-e-carreira\/","og_site_name":"Khumo Ya Lesego Trading and Projects","article_published_time":"2026-08-28T00:42:12+00:00","article_modified_time":"2026-08-28T00:43:49+00:00","author":"xzelmultimediapro","twitter_card":"summary_large_image","twitter_misc":{"Written by":"xzelmultimediapro","Est. reading time":"5 minutes"},"schema":{"@context":"https:\/\/schema.org","@graph":[{"@type":"Article","@id":"https:\/\/khumoyalesego.co.za\/index.php\/2026\/08\/28\/fernando-correia-marques-biografia-e-carreira\/#article","isPartOf":{"@id":"https:\/\/khumoyalesego.co.za\/index.php\/2026\/08\/28\/fernando-correia-marques-biografia-e-carreira\/"},"author":{"name":"xzelmultimediapro","@id":"https:\/\/khumoyalesego.co.za\/#\/schema\/person\/d32c0bb78606e6b46bc45233aed1ccd7"},"headline":"Fernando Correia Marques Biografia e Carreira","datePublished":"2026-08-28T00:42:12+00:00","dateModified":"2026-08-28T00:43:49+00:00","mainEntityOfPage":{"@id":"https:\/\/khumoyalesego.co.za\/index.php\/2026\/08\/28\/fernando-correia-marques-biografia-e-carreira\/"},"wordCount":954,"commentCount":0,"publisher":{"@id":"https:\/\/khumoyalesego.co.za\/#organization"},"articleSection":["Blog"],"inLanguage":"en-US","potentialAction":[{"@type":"CommentAction","name":"Comment","target":["https:\/\/khumoyalesego.co.za\/index.php\/2026\/08\/28\/fernando-correia-marques-biografia-e-carreira\/#respond"]}]},{"@type":"WebPage","@id":"https:\/\/khumoyalesego.co.za\/index.php\/2026\/08\/28\/fernando-correia-marques-biografia-e-carreira\/","url":"https:\/\/khumoyalesego.co.za\/index.php\/2026\/08\/28\/fernando-correia-marques-biografia-e-carreira\/","name":"Fernando Correia Marques Biografia e Carreira - Khumo Ya Lesego Trading and Projects","isPartOf":{"@id":"https:\/\/khumoyalesego.co.za\/#website"},"datePublished":"2026-08-28T00:42:12+00:00","dateModified":"2026-08-28T00:43:49+00:00","breadcrumb":{"@id":"https:\/\/khumoyalesego.co.za\/index.php\/2026\/08\/28\/fernando-correia-marques-biografia-e-carreira\/#breadcrumb"},"inLanguage":"en-US","potentialAction":[{"@type":"ReadAction","target":["https:\/\/khumoyalesego.co.za\/index.php\/2026\/08\/28\/fernando-correia-marques-biografia-e-carreira\/"]}]},{"@type":"BreadcrumbList","@id":"https:\/\/khumoyalesego.co.za\/index.php\/2026\/08\/28\/fernando-correia-marques-biografia-e-carreira\/#breadcrumb","itemListElement":[{"@type":"ListItem","position":1,"name":"Home","item":"https:\/\/khumoyalesego.co.za\/"},{"@type":"ListItem","position":2,"name":"Fernando Correia Marques Biografia e Carreira"}]},{"@type":"WebSite","@id":"https:\/\/khumoyalesego.co.za\/#website","url":"https:\/\/khumoyalesego.co.za\/","name":"Khumo Ya Lesego Trading and Projects","description":"Just another WordPress site","publisher":{"@id":"https:\/\/khumoyalesego.co.za\/#organization"},"potentialAction":[{"@type":"SearchAction","target":{"@type":"EntryPoint","urlTemplate":"https:\/\/khumoyalesego.co.za\/?s={search_term_string}"},"query-input":{"@type":"PropertyValueSpecification","valueRequired":true,"valueName":"search_term_string"}}],"inLanguage":"en-US"},{"@type":"Organization","@id":"https:\/\/khumoyalesego.co.za\/#organization","name":"Khumo Ya Lesego Trading & Projects","url":"https:\/\/khumoyalesego.co.za\/","logo":{"@type":"ImageObject","inLanguage":"en-US","@id":"https:\/\/khumoyalesego.co.za\/#\/schema\/logo\/image\/","url":"http:\/\/khumoyalesego.co.za\/wp-content\/uploads\/2022\/06\/Company-Logo.jpg","contentUrl":"http:\/\/khumoyalesego.co.za\/wp-content\/uploads\/2022\/06\/Company-Logo.jpg","width":628,"height":620,"caption":"Khumo Ya Lesego Trading & Projects"},"image":{"@id":"https:\/\/khumoyalesego.co.za\/#\/schema\/logo\/image\/"}},{"@type":"Person","@id":"https:\/\/khumoyalesego.co.za\/#\/schema\/person\/d32c0bb78606e6b46bc45233aed1ccd7","name":"xzelmultimediapro","image":{"@type":"ImageObject","inLanguage":"en-US","@id":"https:\/\/khumoyalesego.co.za\/#\/schema\/person\/image\/","url":"https:\/\/secure.gravatar.com\/avatar\/240fd9bb92b89c6aa826c41e5c8ae0d63405ce74942909b80699a57a3427f504?s=96&d=mm&r=g","contentUrl":"https:\/\/secure.gravatar.com\/avatar\/240fd9bb92b89c6aa826c41e5c8ae0d63405ce74942909b80699a57a3427f504?s=96&d=mm&r=g","caption":"xzelmultimediapro"},"sameAs":["http:\/\/khumoyalesego.co.za"],"url":"https:\/\/khumoyalesego.co.za\/index.php\/author\/xzelmultimediapro\/"}]}},"_links":{"self":[{"href":"https:\/\/khumoyalesego.co.za\/index.php\/wp-json\/wp\/v2\/posts\/693","targetHints":{"allow":["GET"]}}],"collection":[{"href":"https:\/\/khumoyalesego.co.za\/index.php\/wp-json\/wp\/v2\/posts"}],"about":[{"href":"https:\/\/khumoyalesego.co.za\/index.php\/wp-json\/wp\/v2\/types\/post"}],"author":[{"embeddable":true,"href":"https:\/\/khumoyalesego.co.za\/index.php\/wp-json\/wp\/v2\/users\/1"}],"replies":[{"embeddable":true,"href":"https:\/\/khumoyalesego.co.za\/index.php\/wp-json\/wp\/v2\/comments?post=693"}],"version-history":[{"count":1,"href":"https:\/\/khumoyalesego.co.za\/index.php\/wp-json\/wp\/v2\/posts\/693\/revisions"}],"predecessor-version":[{"id":694,"href":"https:\/\/khumoyalesego.co.za\/index.php\/wp-json\/wp\/v2\/posts\/693\/revisions\/694"}],"wp:attachment":[{"href":"https:\/\/khumoyalesego.co.za\/index.php\/wp-json\/wp\/v2\/media?parent=693"}],"wp:term":[{"taxonomy":"category","embeddable":true,"href":"https:\/\/khumoyalesego.co.za\/index.php\/wp-json\/wp\/v2\/categories?post=693"},{"taxonomy":"post_tag","embeddable":true,"href":"https:\/\/khumoyalesego.co.za\/index.php\/wp-json\/wp\/v2\/tags?post=693"}],"curies":[{"name":"wp","href":"https:\/\/api.w.org\/{rel}","templated":true}]}}